{"id":1244,"date":"2017-10-06T22:20:09","date_gmt":"2017-10-06T20:20:09","guid":{"rendered":"http:\/\/www.ippnw-italy.org\/?p=1244"},"modified":"2018-11-12T14:39:08","modified_gmt":"2018-11-12T13:39:08","slug":"il-nobel-a-ican","status":"publish","type":"post","link":"https:\/\/www.ippnw-italy.org\/?p=1244","title":{"rendered":"Il Nobel a ICAN!"},"content":{"rendered":"<p style=\"text-align: justify;\"><img loading=\"lazy\" class=\"alignleft wp-image-1252 size-medium\" src=\"http:\/\/www.ippnw-italy.org\/wp-content\/uploads\/2017\/10\/Nobel-ICAN_500x500.jpg\" alt=\"Premio Nobel per la Pace a ICAN\" width=\"300\" height=\"300\" \/>Forse mai come quest&#8217;anno il Premio \u00e8 stato tanto in sintonia con quanto <strong>Alfred Nobel<\/strong> scrisse nelle sue ultime volont\u00e0. Il<strong>\u00a0Nobel Peace Prize<\/strong>\u00a0assegnato oggi a <strong>ICAN<\/strong> \u00e8 il\u00a0riconoscimento pi\u00f9 importante per l&#8217;<strong><em>International Campaign for the Abolition of the Nuclear Weapons<\/em><\/strong>, a cui convergono nel mondo centinaia di organizzazioni fortemente attive nell&#8217;attuazione di un disarmo atomico globale.<\/p>\n<p style=\"text-align: justify;\">Non \u00e8 una coincidenza l&#8217;assegnazione del premio proprio in questo periodo di estrema tensione e di rischio sempre maggiore di un conflitto nucleare. La stessa presidente del Comitato norvegese del Nobel\u00a0ha affermato che &#8220;stiamo mandando un messaggio a tutti gli Stati, in particolare gli Stati nucleari&#8221;: il monito che arriva da Oslo \u00e8 quanto mai attuale dopo l&#8217;approvazione in sede delle Nazioni Unite del <strong>Trattato per la messa al bando delle armi nucleari<\/strong>. Un percorso iniziato da qualche anno e che ha avuto il suo sviluppo e la sua crescita in seno alle Conferenze diplomatiche che si sono succedute proprio grazie al lavoro e alla determinazione dei tanti gruppi di attivisti nella Societ\u00e0 Civile: il concetto di &#8220;impatto umanitario&#8221; nell&#8217;ipotesi di un conflitto atomico non aveva mai trovato posto nelle Conferenze tra i vari Stati e nei Trattati sul disarmo nucleare.<\/p>\n<p style=\"text-align: justify;\">Qui il dott. Di Paolantonio:<\/p>\n<blockquote>\n<p style=\"text-align: justify;\"><em>&#8220;Il cammino \u00e8 cominciato proprio a Roma, il 24 e 25 aprile 2010, durante il tradizionale incontro dei Nobel per la Pace, a cui ero presente. In quell\u2019occasione, ci sono stati i primi approcci per sviluppare l\u2019azione di sensibilizzazione proseguita con le conferenze internazionali preparatorie degli anni successivi. Tra il 2013 e il 2015, la comunit\u00e0 mondiale si \u00e8 incontrata a Oslo, Nayarit e Vienna per discutere la questione atomica dal punto di vista delle &#8220;conseguenze umanitarie&#8221; di un possibile conflitto nucleare e verificare la possibilit\u00e0 di prevedere un divieto legale contro tale tipo di armamenti. E&#8217; un sogno che pu\u00f2 e deve avverarsi. Proprio come \u00e8 avvenuto per la schiavit\u00f9, la sua abolizione sembrava un\u2019idea utopica fino a un momento prima che avvenisse. Poi, \u00e8 diventato assurdo il contrario&#8221;.<\/em><\/p>\n<\/blockquote>\n<hr \/>\n<blockquote>\n<p style=\"text-align: center;\"><strong>ICAN &#8211; Statement on Nobel Peace Prize 2017<\/strong><em>\u00a0traduzione italiana di Lisa Clark \u00a0 \u00a0 <\/em><strong><a href=\"http:\/\/www.icanw.org\/action\/nobel-peace-prize-2017-2\/\" target=\"_blank\" rel=\"noopener\">Testo originale<\/a><\/strong><\/p>\n<p style=\"text-align: justify;\"><em><a href=\"http:\/\/www.icanw.org\/\" target=\"_blank\" rel=\"noopener\"><img loading=\"lazy\" class=\"alignright wp-image-1259 size-medium\" src=\"http:\/\/www.ippnw-italy.org\/wp-content\/uploads\/2017\/10\/ICAN-GIF-1inch.gif\" alt=\"Logo ICAN\" width=\"300\" height=\"125\" \/><\/a>E\u2019 un grande onore essere insigniti del Premio Nobel per la Pace 2017 come riconoscimento per il nostro ruolo nell\u2019approvazione del Trattato sulla Proibizione delle Armi Nucleari. Questo storico trattato, adottato il 7 luglio con il voto favorevole di 122 Stati, offre all\u2019umanit\u00e0 uno strumento alternativo, assolutamente necessario, in questo nostro mondo dove prevalgono e proliferano invece le minacce di azioni di distruzione di massa.<\/em><br \/>\n<em>La Campagna Internazionale per l\u2019Abolizione delle Armi Nucleari (ICAN) \u00e8 una coalizione di organizzazioni non-governative di 100 paesi. Grazie al potere delle mobilitazioni popolari abbiamo lavorato per scrivere la parola fine alla storia dell\u2019arma pi\u00f9 distruttiva che l\u2019uomo abbia mai inventato, l\u2019unica arma che minaccia l\u2019esistenza stessa dell\u2019umanit\u00e0.<\/em><br \/>\n<em>Questo premio rende omaggio agli sforzi di milioni di attivisti e cittadini in tutto il mondo che, fin dai primi anni dell\u2019era atomica, hanno alzato la voce contro le armi nucleari, hanno protestato, dicendo con forza che quelle armi non servono ad alcuno scopo legittimo e devono essere messe al bando, smantellate ed eliminate.<\/em><br \/>\n<em>Rende omaggio anche ai sopravvissuti dei bombardamenti atomici su Hiroshima e Nagasaki \u2013 gli Hibakusha \u2013 nonch\u00e9 alle vittime delle sperimentazioni nucleari in tutto il mondo, le cui strazianti testimonianze e il cui impegno senza sosta hanno svolto un ruolo importantissimo nel percorso che ha portato all\u2019adozione di questo storico trattato.<\/em><br \/>\n<em>Il trattato vieta categoricamente le peggiori armi di distruzione di massa e traccia un percorso chiaro verso la loro eliminazione totale. Si tratta della risposta alle preoccupazioni crescenti della Comunit\u00e0 internazionale che riconosce che un qualsiasi uso di armi nucleari infliggerebbe danni catastrofici e permanenti agli esseri umani e al nostro pianeta vivente.<\/em><br \/>\n<em>Siamo orgogliosi di aver svolto un ruolo di primo piano nell\u2019elaborazione del trattato, attraverso l\u2019impegno e la partecipazione a conferenze diplomatiche; continueremo a lavorare alacremente negli anni a venire per garantire che possa entrare in vigore ed essere pienamente attuato. Ogni nazione che vuole davvero impegnarsi per un mondo pi\u00f9 pacifico, libero dalla minaccia nucleare, dovr\u00e0 firmare e ratificare questo trattato di importanza vitale, senza ulteriori indugi.<\/em><br \/>\n<em>Alcuni governi ritengono che le armi nucleari rappresentano uno strumento legittimo ed essenziale di sicurezza: sono idee non solo sbagliate ma pericolose, poich\u00e9 incitano alla proliferazione e impediscono il disarmo. Tutte le nazioni hanno il dovere di rifiutare queste armi totalmente, prima che vengano usate di nuovo.<\/em><br \/>\n<em>Siamo in un\u2019epoca di forti tensioni globali, in cui la retorica bellicosa rischia di portarci inesorabilmente verso l\u2019orrore inenarrabile. Lo spettro della guerra nucleare ci minaccia nuovamente. Se mai \u00e8 esistito il momento storico giusto, in cui gli Stati hanno l\u2019obbligo morale di dichiararsi<\/em><em> contrari alle armi nucleari, quel momento \u00e8 adesso.<\/em><br \/>\n<em>Ci rivolgiamo con gratitudine a quegli Stati che hanno gi\u00e0 firmato e ratificato il Trattato sulla Proibizione delle Armi Nucleari e incoraggiamo tutti gli altri a seguire il loro esempio. Questa \u00e8 la strada da perseguire in questo momento di grande crisi. Il disarmo non \u00e8 un pio desiderio, \u00e8 una impellente necessit\u00e0 umana.<\/em><br \/>\n<em>Con umilt\u00e0 desideriamo ringraziare il Comitato norvegese per il Nobel. Questo premio illuminer\u00e0 la strada che il Trattato sulla Proibizione ci ha aperto, strada che conduce a un mondo libero da armi nucleari. Prima che sia troppo tardi, dobbiamo imboccare quella strada.<\/em><\/p>\n<hr \/>\n<h5 style=\"text-align: center;\"><\/h5>\n<h5 style=\"text-align: center;\"><span style=\"text-decoration: underline;\">E qui sotto ecco un video del 2007 prodotto dalla neonata Organizzazione\u00a0<\/span><span style=\"text-decoration: underline;\">per promuovere la sua crescita e il suo sostegno!<\/span><\/h5>\n<p style=\"text-align: center;\"><iframe  style=\"display: block; margin: 0px auto;\"  id=\"_ytid_41646\"  width=\"640\" height=\"480\"  data-origwidth=\"640\" data-origheight=\"480\"  src=\"https:\/\/www.youtube.com\/embed\/5maEolVDLgQ?enablejsapi=1&autoplay=0&cc_load_policy=0&cc_lang_pref=&iv_load_policy=1&loop=0&modestbranding=1&rel=0&fs=1&playsinline=0&autohide=1&hl=it_IT&theme=dark&color=red&controls=1&\" class=\"__youtube_prefs__  no-lazyload\" title=\"YouTube player\"  allow=\"autoplay; encrypted-media\" allowfullscreen data-no-lazy=\"1\" data-skipgform_ajax_framebjll=\"\"><\/iframe><\/p>\n<\/blockquote>\n<!-- WP Attachments -->\r\n        <div style=\"width:100%;margin:10px 0 10px 0;\">\r\n            <h3>______________________________<\/h3>\r\n        <ul class=\"post-attachments\"><li class=\"post-attachment mime-image-jpeg\"><a target=\"_blank\" href=\"https:\/\/www.ippnw-italy.org\/?p=1244&download=1341\">Premio Nobel per la Pace 2017<\/a> <i><\/i> <small>(70 kB)<\/small><\/li><li class=\"post-attachment mime-application-vnd-openxmlformats-officedocument-wordprocessingml-document\"><a target=\"_blank\" href=\"https:\/\/www.ippnw-italy.org\/?p=1244&download=1255\">THE NOBEL PEACE PRIZE 2017<\/a> <i><\/i> <small>(187 kB)<\/small><\/li><\/ul><\/div>","protected":false},"excerpt":{"rendered":"<p>Forse mai come quest&#8217;anno il Premio \u00e8 stato tanto in sintonia con quanto Alfred Nobel scrisse nelle sue ultime volont\u00e0. Il\u00a0Nobel Peace Prize\u00a0assegnato oggi a ICAN \u00e8 il\u00a0riconoscimento pi\u00f9 importante per l&#8217;International Campaign for the Abolition of the Nuclear Weapons, a cui convergono nel mondo centinaia di organizzazioni fortemente attive nell&#8217;attuazione di un disarmo atomico &hellip; <\/p>\n<p class=\"link-more\"><a href=\"https:\/\/www.ippnw-italy.org\/?p=1244\" class=\"read-more\">Leggi altro<span class=\"screen-reader-text\"> &#8220;Il Nobel a ICAN!&#8221;<\/span><\/a><\/p>\n","protected":false},"author":1,"featured_media":1341,"comment_status":"closed","ping_status":"open","sticky":false,"template":"","format":"standard","meta":[],"categories":[51,7,4],"tags":[],"_links":{"self":[{"href":"https:\/\/www.ippnw-italy.org\/index.php?rest_route=\/wp\/v2\/posts\/1244"}],"collection":[{"href":"https:\/\/www.ippnw-italy.org\/index.php?rest_route=\/wp\/v2\/posts"}],"about":[{"href":"https:\/\/www.ippnw-italy.org\/index.php?rest_route=\/wp\/v2\/types\/post"}],"author":[{"embeddable":true,"href":"https:\/\/www.ippnw-italy.org\/index.php?rest_route=\/wp\/v2\/users\/1"}],"replies":[{"embeddable":true,"href":"https:\/\/www.ippnw-italy.org\/index.php?rest_route=%2Fwp%2Fv2%2Fcomments&post=1244"}],"version-history":[{"count":23,"href":"https:\/\/www.ippnw-italy.org\/index.php?rest_route=\/wp\/v2\/posts\/1244\/revisions"}],"predecessor-version":[{"id":1791,"href":"https:\/\/www.ippnw-italy.org\/index.php?rest_route=\/wp\/v2\/posts\/1244\/revisions\/1791"}],"wp:featuredmedia":[{"embeddable":true,"href":"https:\/\/www.ippnw-italy.org\/index.php?rest_route=\/wp\/v2\/media\/1341"}],"wp:attachment":[{"href":"https:\/\/www.ippnw-italy.org\/index.php?rest_route=%2Fwp%2Fv2%2Fmedia&parent=1244"}],"wp:term":[{"taxonomy":"category","embeddable":true,"href":"https:\/\/www.ippnw-italy.org\/index.php?rest_route=%2Fwp%2Fv2%2Fcategories&post=1244"},{"taxonomy":"post_tag","embeddable":true,"href":"https:\/\/www.ippnw-italy.org\/index.php?rest_route=%2Fwp%2Fv2%2Ftags&post=1244"}],"curies":[{"name":"wp","href":"https:\/\/api.w.org\/{rel}","templated":true}]}}