{"id":3308,"date":"2025-02-22T21:50:28","date_gmt":"2025-02-22T20:50:28","guid":{"rendered":"https:\/\/www.ippnw-italy.org\/?p=3308"},"modified":"2025-02-22T22:03:15","modified_gmt":"2025-02-22T21:03:15","slug":"senzatomica-la-campagna-prosegue","status":"publish","type":"post","link":"https:\/\/www.ippnw-italy.org\/?p=3308","title":{"rendered":"&#8220;Senzatomica&#8221;: la Campagna prosegue"},"content":{"rendered":"\n<div class=\"wp-block-image\"><figure class=\"alignright size-medium\"><img loading=\"lazy\" width=\"300\" height=\"169\" src=\"https:\/\/www.ippnw-italy.org\/wp-content\/uploads\/2025\/02\/Senzatomica-300x169.jpeg\" alt=\"\" class=\"wp-image-3310\" srcset=\"https:\/\/www.ippnw-italy.org\/wp-content\/uploads\/2025\/02\/Senzatomica-300x169.jpeg 300w, https:\/\/www.ippnw-italy.org\/wp-content\/uploads\/2025\/02\/Senzatomica-800x450.jpeg 800w, https:\/\/www.ippnw-italy.org\/wp-content\/uploads\/2025\/02\/Senzatomica-150x84.jpeg 150w, https:\/\/www.ippnw-italy.org\/wp-content\/uploads\/2025\/02\/Senzatomica-768x432.jpeg 768w, https:\/\/www.ippnw-italy.org\/wp-content\/uploads\/2025\/02\/Senzatomica.jpeg 1428w\" sizes=\"(max-width: 300px) 100vw, 300px\" \/><\/figure><\/div>\n\n\n\n<blockquote class=\"wp-block-quote\"><p><em>&#8220;Quando abbiamo lanciato Senzatomica nel 2011, nessuno di noi avrebbe potuto immaginare gli straordinari risultati che avremmo raggiunto insieme: oltre 440.000 visitatori della mostra in pi\u00f9 di 90 citt\u00e0 italiane, pi\u00f9 di 20.000 volontari coinvolti in tutto il Paese e il nostro contributo al Trattato sulla proibizione delle armi nucleari , come partner di ICAN, che \u00e8 stato insignito del Premio Nobel per la Pace nel 2017. Pi\u00f9 di recente, la mostra Senzatomica \u00e8 stata inclusa nell&#8217;ADI Design Index 2024 ed \u00e8 stata una delle poche mostre selezionate per essere esposte presso la sede delle Nazioni Unite a New York nel dicembre 2023. Questi risultati sono la prova tangibile di ci\u00f2 che si pu\u00f2 realizzare quando le persone si uniscono per una causa comune.&#8221;<\/em><\/p><\/blockquote>\n\n\n\n<p><strong>Inizia cos\u00ec<\/strong> la lunga descrizione della Campagna <em>&#8220;Senzatomica&#8221;<\/em> nella e-mail che <strong>Daniele Santi<\/strong> ha diramato nella lista ICAN. Una specie di commiato dal suo ruolo di Presidente della Campagna a seguito della sua imminente carica di Direttore del Dipartimento Relazioni Esterne della <strong>Soka Gakkai Italia<\/strong>.<\/p>\n\n\n\n<div class=\"wp-block-image\"><figure class=\"alignleft size-medium\"><img loading=\"lazy\" width=\"300\" height=\"169\" src=\"https:\/\/www.ippnw-italy.org\/wp-content\/uploads\/2025\/02\/Facendo-la-guerra-300x169.jpeg\" alt=\"\" class=\"wp-image-3314\" srcset=\"https:\/\/www.ippnw-italy.org\/wp-content\/uploads\/2025\/02\/Facendo-la-guerra-300x169.jpeg 300w, https:\/\/www.ippnw-italy.org\/wp-content\/uploads\/2025\/02\/Facendo-la-guerra-800x450.jpeg 800w, https:\/\/www.ippnw-italy.org\/wp-content\/uploads\/2025\/02\/Facendo-la-guerra-150x84.jpeg 150w, https:\/\/www.ippnw-italy.org\/wp-content\/uploads\/2025\/02\/Facendo-la-guerra-768x432.jpeg 768w, https:\/\/www.ippnw-italy.org\/wp-content\/uploads\/2025\/02\/Facendo-la-guerra.jpeg 1008w\" sizes=\"(max-width: 300px) 100vw, 300px\" \/><\/figure><\/div>\n\n\n\n<p><em>&#8220;Senzatomica&#8221;<\/em>, la campagna di sensibilizzazione sulla necessit\u00e0 e urgenza di un disarmo atomico globale, <a href=\"https:\/\/www.ippnw-italy.org\/?p=179\" data-type=\"URL\" data-id=\"https:\/\/www.ippnw-italy.org\/?p=179\">venne presentata a Roma nel febbraio 2011<\/a> e il suo percorso non si \u00e8 mai arrestato. La mostra itinerante \u00e8 adesso riproposta e la sua tappa attuale si ferma a Firenze fino al 23 marzo prossimo.<\/p>\n\n\n\n<hr class=\"wp-block-separator\"\/>\n\n\n\n<p>Leggiamo dalla<a rel=\"noopener\" href=\"https:\/\/senzatomica.it\/mostra\/torna-firenze-mostra-senzatomica-2025\/\" target=\"_blank\"> pagina descrittiva<\/a> nel sito della Campagna:<\/p>\n\n\n\n<div class=\"wp-block-image\"><figure class=\"alignright size-medium\"><img loading=\"lazy\" width=\"169\" height=\"300\" src=\"https:\/\/www.ippnw-italy.org\/wp-content\/uploads\/2025\/02\/TPNW-169x300.jpeg\" alt=\"\" class=\"wp-image-3311\" srcset=\"https:\/\/www.ippnw-italy.org\/wp-content\/uploads\/2025\/02\/TPNW-169x300.jpeg 169w, https:\/\/www.ippnw-italy.org\/wp-content\/uploads\/2025\/02\/TPNW-450x800.jpeg 450w, https:\/\/www.ippnw-italy.org\/wp-content\/uploads\/2025\/02\/TPNW-84x150.jpeg 84w, https:\/\/www.ippnw-italy.org\/wp-content\/uploads\/2025\/02\/TPNW-768x1366.jpeg 768w, https:\/\/www.ippnw-italy.org\/wp-content\/uploads\/2025\/02\/TPNW.jpeg 803w\" sizes=\"(max-width: 169px) 100vw, 169px\" \/><\/figure><\/div>\n\n\n\n<blockquote class=\"wp-block-quote\"><p><em>&#8220;Questa mostra ha l\u2019obiettivo di far comprendere le conseguenze catastrofiche dell\u2019utilizzo di tali armi e propone al visitatore un viaggio alla scoperta di quello che \u00e8 stato per riflettere sul presente e su quale possa essere oggi il contributo di ogni singolo individuo. L\u2019esposizione, realizzata grazie ai fondi dell\u20198\u00d71000 dell\u2019Istituto Buddista Italiano Soka Gakkai, \u00e8 itinerante e, dopo le edizioni di <strong>Brescia<\/strong> e <strong>Roma<\/strong> con oltre 51.000 visitatori, la nuova mostra approda a <strong>Firenze<\/strong>, dove la campagna ebbe inizio nel 2011 con l\u2019anteprima nazionale della prima edizione della mostra.&#8221;<\/em><\/p><\/blockquote>\n\n\n\n<p>E una speranza e una certezza concludono la lettera di Daniele nella lista ICAN:<\/p>\n\n\n\n<blockquote class=\"wp-block-quote\"><p><em>&#8220;Senzatomica continuer\u00e0 a crescere, spinta dalla determinazione e dalla passione di tutti coloro che sono coinvolti. Il nostro impegno collettivo per costruire un mondo libero dalle armi nucleari \u00e8 pi\u00f9 urgente che mai.<\/em><\/p><p><em>Nella speranza che la Terza Riunione degli Stati Parte rappresenti un ulteriore passo avanti, invito tutti a proseguire questo cammino, nella convinzione che i nostri sforzi comuni possano creare un mondo pi\u00f9 sicuro e pacifico.&#8221;<\/em><\/p><\/blockquote>\n\n\n\n<hr class=\"wp-block-separator\"\/>\n\n\n\n<div class=\"wp-block-columns\">\n<div class=\"wp-block-column\" style=\"flex-basis:100%\">\n<div class=\"wp-block-columns are-vertically-aligned-center\">\n<div class=\"wp-block-column is-vertically-aligned-center\" style=\"flex-basis:100%\">\n<div class=\"wp-block-group\"><div class=\"wp-block-group__inner-container\">\n<p class=\"has-text-align-left\" style=\"font-size:14px\"><em>Emozione ma anche e soprattutto descrizione, testimonianza e attenzione per realt\u00e0 spesso nascoste dai media o tralasciate dall&#8217;incedere del vivere quotidiano. Un percorso che ha toccato molteplici aspetti del rischio atomico e del disarmo, dalle vicende del conflitto di ottanta anni fa, le immagini, i superstiti; e via via la storia che si propaga, gli anni dei test, i tanti trattati discussi e disattesi, le responsabilit\u00e0 della politica, della finanza, gli sforzi della societ\u00e0 civile.<\/em><\/p>\n\n\n\n<p class=\"has-text-align-left\" style=\"font-size:14px\"><em>Un punto particolare ha fermato la mia mente al ricordo di quanto si \u00e8 lavorato e come si \u00e8 svolto il cammino progressivo che ha portato quasi 8 anni fa alla firma del&nbsp;<strong>TPAN<\/strong>, il<strong>&nbsp;Trattato per la messa al bando delle armi nucleari:<\/strong>&nbsp;un percorso iniziato diversi anni addietro e che ha avuto il suo sviluppo e la sua crescita in seno alle Conferenze diplomatiche che si sono succedute proprio grazie al lavoro e alla determinazione dei tanti gruppi di attivisti nella Societ\u00e0 Civile: il concetto di \u201cimpatto umanitario\u201d nell\u2019ipotesi di un conflitto atomico non aveva mai trovato posto nelle Conferenze tra i vari Stati e nei Trattati sul disarmo nucleare.<\/em><\/p>\n\n\n\n<p class=\"has-text-align-left\" style=\"font-size:14px\"><em>L\u2019arma atomica era rimasta l\u2019unico tipo di&nbsp;<strong>arma di distruzione di massa<\/strong>&nbsp;non ancora giuridicamente soggetta a divieto; che aggiunge, oltre all\u2019uso di tali ordigni, anche la semplice minaccia al loro impiego.<\/em><\/p>\n\n\n\n<p class=\"has-text-align-right has-small-font-size\"><em>Roberto Del Bianco<\/em><\/p>\n<\/div><\/div>\n<\/div>\n<\/div>\n<\/div>\n<\/div>\n","protected":false},"excerpt":{"rendered":"<p>&#8220;Quando abbiamo lanciato Senzatomica nel 2011, nessuno di noi avrebbe potuto immaginare gli straordinari risultati che avremmo raggiunto insieme: oltre 440.000 visitatori della mostra in pi\u00f9 di 90 citt\u00e0 italiane, pi\u00f9 di 20.000 volontari coinvolti in tutto il Paese e il nostro contributo al Trattato sulla proibizione delle armi nucleari , come partner di ICAN, &hellip; <\/p>\n<p class=\"link-more\"><a href=\"https:\/\/www.ippnw-italy.org\/?p=3308\" class=\"read-more\">Leggi altro<span class=\"screen-reader-text\"> &#8220;&#8220;Senzatomica&#8221;: la Campagna prosegue&#8221;<\/span><\/a><\/p>\n","protected":false},"author":1,"featured_media":3314,"comment_status":"closed","ping_status":"open","sticky":false,"template":"","format":"standard","meta":[],"categories":[4],"tags":[],"_links":{"self":[{"href":"https:\/\/www.ippnw-italy.org\/index.php?rest_route=\/wp\/v2\/posts\/3308"}],"collection":[{"href":"https:\/\/www.ippnw-italy.org\/index.php?rest_route=\/wp\/v2\/posts"}],"about":[{"href":"https:\/\/www.ippnw-italy.org\/index.php?rest_route=\/wp\/v2\/types\/post"}],"author":[{"embeddable":true,"href":"https:\/\/www.ippnw-italy.org\/index.php?rest_route=\/wp\/v2\/users\/1"}],"replies":[{"embeddable":true,"href":"https:\/\/www.ippnw-italy.org\/index.php?rest_route=%2Fwp%2Fv2%2Fcomments&post=3308"}],"version-history":[{"count":13,"href":"https:\/\/www.ippnw-italy.org\/index.php?rest_route=\/wp\/v2\/posts\/3308\/revisions"}],"predecessor-version":[{"id":3326,"href":"https:\/\/www.ippnw-italy.org\/index.php?rest_route=\/wp\/v2\/posts\/3308\/revisions\/3326"}],"wp:featuredmedia":[{"embeddable":true,"href":"https:\/\/www.ippnw-italy.org\/index.php?rest_route=\/wp\/v2\/media\/3314"}],"wp:attachment":[{"href":"https:\/\/www.ippnw-italy.org\/index.php?rest_route=%2Fwp%2Fv2%2Fmedia&parent=3308"}],"wp:term":[{"taxonomy":"category","embeddable":true,"href":"https:\/\/www.ippnw-italy.org\/index.php?rest_route=%2Fwp%2Fv2%2Fcategories&post=3308"},{"taxonomy":"post_tag","embeddable":true,"href":"https:\/\/www.ippnw-italy.org\/index.php?rest_route=%2Fwp%2Fv2%2Ftags&post=3308"}],"curies":[{"name":"wp","href":"https:\/\/api.w.org\/{rel}","templated":true}]}}